{"id":6795,"date":"2025-11-19T15:41:25","date_gmt":"2025-11-19T15:41:25","guid":{"rendered":"https:\/\/lartaly.com\/?p=6795"},"modified":"2026-03-27T20:26:50","modified_gmt":"2026-03-27T20:26:50","slug":"hong-kong","status":"publish","type":"post","link":"https:\/\/lartaly.com\/en\/hong-kong\/","title":{"rendered":"EXPO METRO"},"content":{"rendered":"<div class=\"wp-block-uagb-advanced-heading uagb-block-d5dfc502\"><h2 class=\"uagb-heading-text\">Exposition monumentale \u00e0 deux pas du Vatican et du Colis\u00e9e<\/h2><\/div>\n\n\n\n<p style=\"font-size:30px\"><br>Transformer chaque espace public en galerie d&rsquo;art pour tous<\/p>\n\n\n\n<p>Rien n&rsquo;est jamais certain.<\/p>\n\n\n\n<p>Apr\u00e8s cinq mois de travail , Rudolph et son \u00e9quipe ont vu l&rsquo;\u00e9v\u00e8nement qui devait se d\u00e9rouler \u00e0 HONG KONG \u00eatre censur\u00e9. Et ceci, \u00e0 quelques jours de la date initialement pr\u00e9vue au 5 d\u00e9cembre 2025 .<\/p>\n\n\n\n<p><strong>24- 25 janvier 2026<\/strong> : <strong>ROME<\/strong> est la nouvelle DESTINATION de l&rsquo;\u00e9v\u00e8nement international d\u2019art public<strong>.<\/strong>  Billboard 8, ligne 1, colonne 12. <\/p>\n\n\n\n<p>En haut \u00e0 droite, l\u2019ISS symbolise la qu\u00eate humaine de connaissance. Au centre, un archange veille sur la Terre. L\u2019\u0153uvre invite \u00e0 contempler l\u2019\u00e9quilibre entre la dimension sacr\u00e9e et la beaut\u00e9 de notre plan\u00e8te : une fusion entre spiritualit\u00e9 et science. Entre pr\u00e9sence divine et conqu\u00eate scientifique, elle cherche ce fil invisible qui relie la mati\u00e8re \u00e0 l\u2019invisible.<\/p>\n\n\n\n<p><\/p>\n\n\n\n<div class=\"wp-block-uagb-image uagb-block-1c4c47d4 wp-block-uagb-image--layout-default wp-block-uagb-image--effect-static wp-block-uagb-image--align-none\"><figure class=\"wp-block-uagb-image__figure\"><a class=\"\" href=\"https:\/\/lartaly.com\/wp-content\/uploads\/2025\/11\/Capture-decran-287.png\" target=\"\" rel=\"noopener\"><img decoding=\"async\" data-srcset=\"https:\/\/lartaly.com\/wp-content\/uploads\/2025\/11\/Capture-decran-287-1024x718.png ,https:\/\/lartaly.com\/wp-content\/uploads\/2025\/11\/Capture-decran-287.png 780w, https:\/\/lartaly.com\/wp-content\/uploads\/2025\/11\/Capture-decran-287.png 360w\" data-sizes=\"auto, (max-width: 480px) 150px\" data-src=\"https:\/\/lartaly.com\/wp-content\/uploads\/2025\/11\/Capture-decran-287-1024x718.png\" alt=\"\" class=\"uag-image-7223 lazyload\" width=\"804\" height=\"564\" title=\"Capture d\u2019\u00e9cran (287)\" role=\"img\" src=\"data:image\/gif;base64,R0lGODlhAQABAAAAACH5BAEKAAEALAAAAAABAAEAAAICTAEAOw==\" style=\"--smush-placeholder-width: 804px; --smush-placeholder-aspect-ratio: 804\/564;\" \/><\/a><\/figure><\/div>\n\n\n\n<p><\/p>","protected":false},"excerpt":{"rendered":"<p>Exposition monumentale \u00e0 deux pas du Vatican et du Colis\u00e9e Transformer chaque espace public en galerie d&rsquo;art pour tous Rien&#8230;<\/p>","protected":false},"author":1,"featured_media":6845,"comment_status":"open","ping_status":"open","sticky":false,"template":"","format":"standard","meta":{"_uag_custom_page_level_css":"","footnotes":""},"categories":[33],"tags":[],"class_list":["post-6795","post","type-post","status-publish","format-standard","has-post-thumbnail","hentry","category-non-classe-fr"],"uagb_featured_image_src":{"full":["https:\/\/lartaly.com\/wp-content\/uploads\/2025\/11\/412144689_1034225217836949_5906930688399591363_n.jpg",601,601,false],"thumbnail":["https:\/\/lartaly.com\/wp-content\/uploads\/2025\/11\/412144689_1034225217836949_5906930688399591363_n-150x150.jpg",150,150,true],"medium":["https:\/\/lartaly.com\/wp-content\/uploads\/2025\/11\/412144689_1034225217836949_5906930688399591363_n-300x300.jpg",300,300,true],"medium_large":["https:\/\/lartaly.com\/wp-content\/uploads\/2025\/11\/412144689_1034225217836949_5906930688399591363_n.jpg",601,601,false],"large":["https:\/\/lartaly.com\/wp-content\/uploads\/2025\/11\/412144689_1034225217836949_5906930688399591363_n.jpg",601,601,false],"1536x1536":["https:\/\/lartaly.com\/wp-content\/uploads\/2025\/11\/412144689_1034225217836949_5906930688399591363_n.jpg",601,601,false],"2048x2048":["https:\/\/lartaly.com\/wp-content\/uploads\/2025\/11\/412144689_1034225217836949_5906930688399591363_n.jpg",601,601,false],"trp-custom-language-flag":["https:\/\/lartaly.com\/wp-content\/uploads\/2025\/11\/412144689_1034225217836949_5906930688399591363_n-12x12.jpg",12,12,true],"wishsuite-image":["https:\/\/lartaly.com\/wp-content\/uploads\/2025\/11\/412144689_1034225217836949_5906930688399591363_n-150x150.jpg",150,150,true],"woocommerce_thumbnail":["https:\/\/lartaly.com\/wp-content\/uploads\/2025\/11\/412144689_1034225217836949_5906930688399591363_n-300x300.jpg",300,300,true],"woocommerce_single":["https:\/\/lartaly.com\/wp-content\/uploads\/2025\/11\/412144689_1034225217836949_5906930688399591363_n.jpg",600,600,false],"woocommerce_gallery_thumbnail":["https:\/\/lartaly.com\/wp-content\/uploads\/2025\/11\/412144689_1034225217836949_5906930688399591363_n-100x100.jpg",100,100,true]},"uagb_author_info":{"display_name":"Taly","author_link":"https:\/\/lartaly.com\/en\/author\/3481talygmail-com\/"},"uagb_comment_info":0,"uagb_excerpt":"Exposition monumentale \u00e0 deux pas du Vatican et du Colis\u00e9e Transformer chaque espace public en galerie d&rsquo;art pour tous Rien...","_links":{"self":[{"href":"https:\/\/lartaly.com\/en\/wp-json\/wp\/v2\/posts\/6795","targetHints":{"allow":["GET"]}}],"collection":[{"href":"https:\/\/lartaly.com\/en\/wp-json\/wp\/v2\/posts"}],"about":[{"href":"https:\/\/lartaly.com\/en\/wp-json\/wp\/v2\/types\/post"}],"author":[{"embeddable":true,"href":"https:\/\/lartaly.com\/en\/wp-json\/wp\/v2\/users\/1"}],"replies":[{"embeddable":true,"href":"https:\/\/lartaly.com\/en\/wp-json\/wp\/v2\/comments?post=6795"}],"version-history":[{"count":45,"href":"https:\/\/lartaly.com\/en\/wp-json\/wp\/v2\/posts\/6795\/revisions"}],"predecessor-version":[{"id":7295,"href":"https:\/\/lartaly.com\/en\/wp-json\/wp\/v2\/posts\/6795\/revisions\/7295"}],"wp:featuredmedia":[{"embeddable":true,"href":"https:\/\/lartaly.com\/en\/wp-json\/wp\/v2\/media\/6845"}],"wp:attachment":[{"href":"https:\/\/lartaly.com\/en\/wp-json\/wp\/v2\/media?parent=6795"}],"wp:term":[{"taxonomy":"category","embeddable":true,"href":"https:\/\/lartaly.com\/en\/wp-json\/wp\/v2\/categories?post=6795"},{"taxonomy":"post_tag","embeddable":true,"href":"https:\/\/lartaly.com\/en\/wp-json\/wp\/v2\/tags?post=6795"}],"curies":[{"name":"wp","href":"https:\/\/api.w.org\/{rel}","templated":true}]}}